{"id":6903,"date":"2021-03-30T07:42:26","date_gmt":"2021-03-30T07:42:26","guid":{"rendered":"https:\/\/www.acuiplus.org\/?p=6903"},"modified":"2021-03-30T07:44:07","modified_gmt":"2021-03-30T07:44:07","slug":"nace-aquafuture-spain-la-feria-acuicola-de-referencia-internacional-en-espana","status":"publish","type":"post","link":"https:\/\/www.acuiplus.org\/en\/nace-aquafuture-spain-la-feria-acuicola-de-referencia-internacional-en-espana\/","title":{"rendered":"Nace AquaFuture Spain, la feria acu\u00edcola de referencia internacional en Espa\u00f1a"},"content":{"rendered":"\n<p>El sector de la acuicultura contar\u00e1 el pr\u00f3ximo a\u00f1o con una cita ferial propia, <a href=\"https:\/\/www.aquafuturespain.com\/\" target=\"_blank\" rel=\"noreferrer noopener\"><strong>AquaFuture Spain\u00b422<\/strong><\/a>, un evento que ser\u00e1 \u00fanico en Espa\u00f1a y que\u00a0<strong>se convertir\u00e1 en el primer certamen con esta tem\u00e1tica que se celebra en el pa\u00eds desde el a\u00f1o 2010<\/strong>, informa la organizaci\u00f3n en un comunicado. Un evento organizado por OK Eventos y en el que desde<strong> ACUIPLUS estamos colaborando como parte de su comit\u00e9 organizador<\/strong>. Un proyecto muy ambicioso y por el cual desde el cl\u00faster nos sentimos muy emocionados, ya que se proyecta como una extraordinaria oportunidad de refuerzo y posicionamiento del sector desde la cadena de valor. Adem\u00e1s, nuestros socio <a href=\"http:\/\/www.ipacuicultura.com\/\" target=\"_blank\" rel=\"noreferrer noopener\">IPac<\/a>\u00a0ser\u00e1 el medio oficial de la feria.<\/p>\n\n\n\n<p>El evento tendr\u00e1 lugar del <strong>24 al 26 de marzo de 2022 en Santiago de Compostelela<\/strong>, en el recinto Feira Internacional de Galicia Abanca, situado en Silleda.\u00a0<\/p>\n\n\n\n<p>Juan Lij\u00f3, representante de OK Eventos, destac\u00f3 que este I Sal\u00f3n Internacional de la Industria Acu\u00edcola quiere ayudar a destacar y fortalecer \u201cun sector econ\u00f3mico en continuo crecimiento\u201d. \u201cLa acuicultura es presente y futuro, un ejemplo en investigaci\u00f3n, tecnolog\u00eda y producci\u00f3n sostenible, y el sector reclamaba que Espa\u00f1a tuviese un evento que les diese voz y visibilidad\u201d, apunt\u00f3 el organizador.&nbsp;<strong>Espa\u00f1a es uno de los principales productores de acuicultura europea<\/strong>, siendo considerado un sector clave en la cadena alimentaria.<\/p>\n\n\n\n<p>En la presentaci\u00f3n desde la Secretar\u00eda T\u00e9cnica se quiso transmitir en nombre del presidente del cl\u00faster, Albert Comas, y de la cl\u00faster manager, Yolanda Molares, que se sienten \u201cmuy emocionados de formar parte de este proyecto, que se muestra como una gran oportunidad para fortalecer el posicionamiento de la acuicultura espa\u00f1ola\u201d y consideran que \u201cun evento de estas caracter\u00edsticas servir\u00eda de gran apoyo a las peque\u00f1as y medianas empresas que deseen ampliar su negocio a mercados internacionales, as\u00ed como a las empresas consolidadas que deseen presentar sus nuevos servicios y productos; adem\u00e1s de catapultar a los nuevos emprendedores\u201d.\u00a0<strong>ACUIPLUS coordinar\u00e1 el programa de jornadas t\u00e9cnicas de la feria<\/strong>\u00a0y en este sentido ha querido destacar que \u201cestamos trabajando en un programa de jornadas t\u00e9cnicas muy potente, a trav\u00e9s del que se materialice el potencial del sector desde el trabajo colaborativo de la cadena de valor\u201d<\/p>\n\n\n\n<p>Tambi\u00e9n particip\u00f3&nbsp;<strong>Javier Fraga, responsable de la divisi\u00f3n Mar de Abanca<\/strong>, entidad colaboradora del evento, quien incidi\u00f3 en que \u201cpara Abanca la acuicultura es un complemento necesario a la industria extractiva, apostamos por ella y por este motivo el sector cuenta con el apoyo financiero de Abanca Mar\u201d, mientras que respecto al evento consider\u00f3 que \u201cnos parece una gran iniciativa y por ello no dudamos en apoyarlo\u201d.<\/p>\n\n\n\n<p>Ricardo Dur\u00e1n, director de la Feira Internacional de Galicia Abanca, acompa\u00f1\u00f3 a organizadores y colaboradores y se mostr\u00f3 \u201cencantado de que, aparte de nuestra propia iniciativa de crear nuevas ferias, haya empresas organizadoras externas que elijan Silleda como lugar ideal en el que organizarlas\u201d, a\u00f1adiendo que \u201ccreemos que seguir\u00e1n su ejemplo principalmente aquellas que nazcan con gran vocaci\u00f3n de crecimiento, por la oferta de espacio que ofrece la Feira Internacional de Galicia Abanca, y que valoren la centralidad de nuestro recinto respecto a toda Galicia.\u201d<\/p>\n\n\n\n<div class=\"wp-block-image\"><figure class=\"aligncenter size-large\"><img loading=\"lazy\" decoding=\"async\" width=\"1024\" height=\"768\" src=\"https:\/\/www.acuiplus.org\/wp-content\/uploads\/2021\/03\/PresentacionAquaFutureSpain_1200px-1-1024x768.jpg\" alt=\"\" class=\"wp-image-6906\" srcset=\"https:\/\/www.acuiplus.org\/wp-content\/uploads\/2021\/03\/PresentacionAquaFutureSpain_1200px-1-1024x768.jpg 1024w, https:\/\/www.acuiplus.org\/wp-content\/uploads\/2021\/03\/PresentacionAquaFutureSpain_1200px-1-300x225.jpg 300w, https:\/\/www.acuiplus.org\/wp-content\/uploads\/2021\/03\/PresentacionAquaFutureSpain_1200px-1-768x576.jpg 768w, https:\/\/www.acuiplus.org\/wp-content\/uploads\/2021\/03\/PresentacionAquaFutureSpain_1200px-1.jpg 1200w\" sizes=\"auto, (max-width: 1024px) 100vw, 1024px\" \/><\/figure><\/div>\n\n\n\n<div style=\"height:34px\" aria-hidden=\"true\" class=\"wp-block-spacer\"><\/div>\n\n\n\n<p><strong>CONFIRMADAS CIEN EMPRESAS DE 17 PA\u00cdSES<\/strong><\/p>\n\n\n\n<p>A esta \u00e1rea de exposici\u00f3n se unir\u00e1n otras<strong> formas experienciales de mostrar el producto<\/strong>. Ser\u00e1 a trav\u00e9s de jornadas de degustaci\u00f3n y showcookings que permitir\u00e1n conocer las aplicaciones de los productos acu\u00edcolas en la cocina moderna y tradicional. As\u00ed mismo, el servicio de restauraci\u00f3n del recinto incluir\u00e1 un men\u00fa diario en el que se dar\u00e1 especial relevancia a la acuicultura.<\/p>\n\n\n\n<div style=\"height:17px\" aria-hidden=\"true\" class=\"wp-block-spacer\"><\/div>\n\n\n\n<p><strong>COMPARTIR CONOCIMIENTOS Y ABRIR MERCADOS<\/strong><\/p>\n\n\n\n<p>Aquafuture Spain\u00b422 ofrecer\u00e1 adem\u00e1s un punto de encuentro entre expositores y visitantes para explorar nuevas oportunidades de negocio e intercambios comerciales.&nbsp;<strong>De esta forma se crea AquaPoint, un espacio din\u00e1mico de reuniones, presentaciones, contrataci\u00f3n<\/strong>&nbsp;y, en definitiva, encuentros empresariales entre todos los stakeholders que constituyen la cadena de valor de la acuicultura.<\/p>\n\n\n\n<p>Adem\u00e1s, con el objetivo de promover la innovaci\u00f3n y la transferencia de conocimiento, el sal\u00f3n contar\u00e1 con un programa continuado de jornadas t\u00e9cnicas impartidas por ponentes de reconocimiento internacional y con\u00a0<strong>tem\u00e1ticas de gran inter\u00e9s para el sector, especialmente en el \u00e1mbito de la tecnolog\u00eda, la innovaci\u00f3n o la econom\u00eda<\/strong>. Estas sesiones conformar\u00e1n el espacio InnoAqua y ser\u00e1n compartidas v\u00eda telem\u00e1tica para una mayor prospecci\u00f3n e internacionalizaci\u00f3n.<\/p>\n\n\n\n<div class=\"wp-block-image\"><figure class=\"aligncenter size-large\"><img loading=\"lazy\" decoding=\"async\" width=\"1024\" height=\"516\" src=\"https:\/\/www.acuiplus.org\/wp-content\/uploads\/2021\/03\/aquafuture-1024x516.png\" alt=\"\" class=\"wp-image-6908\" srcset=\"https:\/\/www.acuiplus.org\/wp-content\/uploads\/2021\/03\/aquafuture-1024x516.png 1024w, https:\/\/www.acuiplus.org\/wp-content\/uploads\/2021\/03\/aquafuture-300x151.png 300w, https:\/\/www.acuiplus.org\/wp-content\/uploads\/2021\/03\/aquafuture-768x387.png 768w, https:\/\/www.acuiplus.org\/wp-content\/uploads\/2021\/03\/aquafuture.png 1178w\" sizes=\"auto, (max-width: 1024px) 100vw, 1024px\" \/><\/figure><\/div>\n","protected":false},"excerpt":{"rendered":"<p>El sector de la acuicultura contar\u00e1 el pr\u00f3ximo a\u00f1o con una cita ferial propia, AquaFuture Spain\u00b422, un evento que ser\u00e1 \u00fanico en Espa\u00f1a y que\u00a0se convertir\u00e1 en el primer certamen con esta tem\u00e1tica que se celebra en el pa\u00eds desde el a\u00f1o 2010, informa la organizaci\u00f3n en un comunicado. Un evento organizado por OK Eventos [&hellip;]<\/p>\n","protected":false},"author":4,"featured_media":6904,"comment_status":"open","ping_status":"open","sticky":false,"template":"","format":"standard","meta":{"_acf_changed":false,"footnotes":""},"categories":[193,194,183,184,185,186],"tags":[],"class_list":["post-6903","post","type-post","status-publish","format-standard","has-post-thumbnail","hentry","category-actividades-en","category-agenda-en","category-blog-en","category-destacados-en","category-publicaciones-en","category-socios-en"],"acf":[],"yoast_head":"<!-- This site is optimized with the Yoast SEO plugin v25.0 - https:\/\/yoast.com\/wordpress\/plugins\/seo\/ -->\n<title>Nace AquaFuture Spain, la feria acu\u00edcola de referencia internacional en Espa\u00f1a - Acuiplus - Cl\u00faster de Acuicultura<\/title>\n<meta name=\"description\" content=\"Nace Aquafuture Spain, la primera feria acu\u00edcola espa\u00f1ola de referencia internacional, en la que ACUIPLUS forma parte de la organizaci\u00f3n.\" \/>\n<meta name=\"robots\" content=\"index, follow, max-snippet:-1, max-image-preview:large, max-video-preview:-1\" \/>\n<link rel=\"canonical\" href=\"https:\/\/www.acuiplus.org\/nace-aquafuture-spain-la-feria-acuicola-de-referencia-internacional-en-espana\/\" \/>\n<meta property=\"og:locale\" content=\"en_US\" \/>\n<meta property=\"og:type\" content=\"article\" \/>\n<meta property=\"og:title\" content=\"Nace AquaFuture Spain, la feria acu\u00edcola de referencia internacional en Espa\u00f1a - Acuiplus - Cl\u00faster de Acuicultura\" \/>\n<meta property=\"og:description\" content=\"Nace Aquafuture Spain, la primera feria acu\u00edcola espa\u00f1ola de referencia internacional, en la que ACUIPLUS forma parte de la organizaci\u00f3n.\" \/>\n<meta property=\"og:url\" content=\"https:\/\/www.acuiplus.org\/nace-aquafuture-spain-la-feria-acuicola-de-referencia-internacional-en-espana\/\" \/>\n<meta property=\"og:site_name\" content=\"Acuiplus - Cl\u00faster de Acuicultura\" \/>\n<meta property=\"article:published_time\" content=\"2021-03-30T07:42:26+00:00\" \/>\n<meta property=\"article:modified_time\" content=\"2021-03-30T07:44:07+00:00\" \/>\n<meta property=\"og:image\" content=\"https:\/\/www.acuiplus.org\/wp-content\/uploads\/2021\/03\/PresentacionAquaFutureSpain_1200px.jpg\" \/>\n\t<meta property=\"og:image:width\" content=\"1200\" \/>\n\t<meta property=\"og:image:height\" content=\"900\" \/>\n\t<meta property=\"og:image:type\" content=\"image\/jpeg\" \/>\n<meta name=\"author\" content=\"Acuiplus\" \/>\n<meta name=\"twitter:card\" content=\"summary_large_image\" \/>\n<meta name=\"twitter:label1\" content=\"Written by\" \/>\n\t<meta name=\"twitter:data1\" content=\"Acuiplus\" \/>\n\t<meta name=\"twitter:label2\" content=\"Est. reading time\" \/>\n\t<meta name=\"twitter:data2\" content=\"4 minutes\" \/>\n<script type=\"application\/ld+json\" class=\"yoast-schema-graph\">{\"@context\":\"https:\/\/schema.org\",\"@graph\":[{\"@type\":\"WebPage\",\"@id\":\"https:\/\/www.acuiplus.org\/nace-aquafuture-spain-la-feria-acuicola-de-referencia-internacional-en-espana\/\",\"url\":\"https:\/\/www.acuiplus.org\/nace-aquafuture-spain-la-feria-acuicola-de-referencia-internacional-en-espana\/\",\"name\":\"Nace AquaFuture Spain, la feria acu\u00edcola de referencia internacional en Espa\u00f1a - Acuiplus - Cl\u00faster de Acuicultura\",\"isPartOf\":{\"@id\":\"https:\/\/www.acuiplus.org\/#website\"},\"primaryImageOfPage\":{\"@id\":\"https:\/\/www.acuiplus.org\/nace-aquafuture-spain-la-feria-acuicola-de-referencia-internacional-en-espana\/#primaryimage\"},\"image\":{\"@id\":\"https:\/\/www.acuiplus.org\/nace-aquafuture-spain-la-feria-acuicola-de-referencia-internacional-en-espana\/#primaryimage\"},\"thumbnailUrl\":\"https:\/\/www.acuiplus.org\/wp-content\/uploads\/2021\/03\/PresentacionAquaFutureSpain_1200px.jpg\",\"datePublished\":\"2021-03-30T07:42:26+00:00\",\"dateModified\":\"2021-03-30T07:44:07+00:00\",\"author\":{\"@id\":\"https:\/\/www.acuiplus.org\/#\/schema\/person\/43f2d2b3cbc17b72e633cbc3b6a24d2b\"},\"description\":\"Nace Aquafuture Spain, la primera feria acu\u00edcola espa\u00f1ola de referencia internacional, en la que ACUIPLUS forma parte de la organizaci\u00f3n.\",\"breadcrumb\":{\"@id\":\"https:\/\/www.acuiplus.org\/nace-aquafuture-spain-la-feria-acuicola-de-referencia-internacional-en-espana\/#breadcrumb\"},\"inLanguage\":\"en-US\",\"potentialAction\":[{\"@type\":\"ReadAction\",\"target\":[\"https:\/\/www.acuiplus.org\/nace-aquafuture-spain-la-feria-acuicola-de-referencia-internacional-en-espana\/\"]}]},{\"@type\":\"ImageObject\",\"inLanguage\":\"en-US\",\"@id\":\"https:\/\/www.acuiplus.org\/nace-aquafuture-spain-la-feria-acuicola-de-referencia-internacional-en-espana\/#primaryimage\",\"url\":\"https:\/\/www.acuiplus.org\/wp-content\/uploads\/2021\/03\/PresentacionAquaFutureSpain_1200px.jpg\",\"contentUrl\":\"https:\/\/www.acuiplus.org\/wp-content\/uploads\/2021\/03\/PresentacionAquaFutureSpain_1200px.jpg\",\"width\":1200,\"height\":900},{\"@type\":\"BreadcrumbList\",\"@id\":\"https:\/\/www.acuiplus.org\/nace-aquafuture-spain-la-feria-acuicola-de-referencia-internacional-en-espana\/#breadcrumb\",\"itemListElement\":[{\"@type\":\"ListItem\",\"position\":1,\"name\":\"Portada\",\"item\":\"https:\/\/www.acuiplus.org\/en\/\"},{\"@type\":\"ListItem\",\"position\":2,\"name\":\"Nace AquaFuture Spain, la feria acu\u00edcola de referencia internacional en Espa\u00f1a\"}]},{\"@type\":\"WebSite\",\"@id\":\"https:\/\/www.acuiplus.org\/#website\",\"url\":\"https:\/\/www.acuiplus.org\/\",\"name\":\"Acuiplus - Cl\u00faster de Acuicultura\",\"description\":\"Personas por encima de las organizaciones\",\"potentialAction\":[{\"@type\":\"SearchAction\",\"target\":{\"@type\":\"EntryPoint\",\"urlTemplate\":\"https:\/\/www.acuiplus.org\/?s={search_term_string}\"},\"query-input\":{\"@type\":\"PropertyValueSpecification\",\"valueRequired\":true,\"valueName\":\"search_term_string\"}}],\"inLanguage\":\"en-US\"},{\"@type\":\"Person\",\"@id\":\"https:\/\/www.acuiplus.org\/#\/schema\/person\/43f2d2b3cbc17b72e633cbc3b6a24d2b\",\"name\":\"Acuiplus\"}]}<\/script>\n<!-- \/ Yoast SEO plugin. -->","yoast_head_json":{"title":"Nace AquaFuture Spain, la feria acu\u00edcola de referencia internacional en Espa\u00f1a - Acuiplus - Cl\u00faster de Acuicultura","description":"Nace Aquafuture Spain, la primera feria acu\u00edcola espa\u00f1ola de referencia internacional, en la que ACUIPLUS forma parte de la organizaci\u00f3n.","robots":{"index":"index","follow":"follow","max-snippet":"max-snippet:-1","max-image-preview":"max-image-preview:large","max-video-preview":"max-video-preview:-1"},"canonical":"https:\/\/www.acuiplus.org\/nace-aquafuture-spain-la-feria-acuicola-de-referencia-internacional-en-espana\/","og_locale":"en_US","og_type":"article","og_title":"Nace AquaFuture Spain, la feria acu\u00edcola de referencia internacional en Espa\u00f1a - Acuiplus - Cl\u00faster de Acuicultura","og_description":"Nace Aquafuture Spain, la primera feria acu\u00edcola espa\u00f1ola de referencia internacional, en la que ACUIPLUS forma parte de la organizaci\u00f3n.","og_url":"https:\/\/www.acuiplus.org\/nace-aquafuture-spain-la-feria-acuicola-de-referencia-internacional-en-espana\/","og_site_name":"Acuiplus - Cl\u00faster de Acuicultura","article_published_time":"2021-03-30T07:42:26+00:00","article_modified_time":"2021-03-30T07:44:07+00:00","og_image":[{"width":1200,"height":900,"url":"https:\/\/www.acuiplus.org\/wp-content\/uploads\/2021\/03\/PresentacionAquaFutureSpain_1200px.jpg","type":"image\/jpeg"}],"author":"Acuiplus","twitter_card":"summary_large_image","twitter_misc":{"Written by":"Acuiplus","Est. reading time":"4 minutes"},"schema":{"@context":"https:\/\/schema.org","@graph":[{"@type":"WebPage","@id":"https:\/\/www.acuiplus.org\/nace-aquafuture-spain-la-feria-acuicola-de-referencia-internacional-en-espana\/","url":"https:\/\/www.acuiplus.org\/nace-aquafuture-spain-la-feria-acuicola-de-referencia-internacional-en-espana\/","name":"Nace AquaFuture Spain, la feria acu\u00edcola de referencia internacional en Espa\u00f1a - Acuiplus - Cl\u00faster de Acuicultura","isPartOf":{"@id":"https:\/\/www.acuiplus.org\/#website"},"primaryImageOfPage":{"@id":"https:\/\/www.acuiplus.org\/nace-aquafuture-spain-la-feria-acuicola-de-referencia-internacional-en-espana\/#primaryimage"},"image":{"@id":"https:\/\/www.acuiplus.org\/nace-aquafuture-spain-la-feria-acuicola-de-referencia-internacional-en-espana\/#primaryimage"},"thumbnailUrl":"https:\/\/www.acuiplus.org\/wp-content\/uploads\/2021\/03\/PresentacionAquaFutureSpain_1200px.jpg","datePublished":"2021-03-30T07:42:26+00:00","dateModified":"2021-03-30T07:44:07+00:00","author":{"@id":"https:\/\/www.acuiplus.org\/#\/schema\/person\/43f2d2b3cbc17b72e633cbc3b6a24d2b"},"description":"Nace Aquafuture Spain, la primera feria acu\u00edcola espa\u00f1ola de referencia internacional, en la que ACUIPLUS forma parte de la organizaci\u00f3n.","breadcrumb":{"@id":"https:\/\/www.acuiplus.org\/nace-aquafuture-spain-la-feria-acuicola-de-referencia-internacional-en-espana\/#breadcrumb"},"inLanguage":"en-US","potentialAction":[{"@type":"ReadAction","target":["https:\/\/www.acuiplus.org\/nace-aquafuture-spain-la-feria-acuicola-de-referencia-internacional-en-espana\/"]}]},{"@type":"ImageObject","inLanguage":"en-US","@id":"https:\/\/www.acuiplus.org\/nace-aquafuture-spain-la-feria-acuicola-de-referencia-internacional-en-espana\/#primaryimage","url":"https:\/\/www.acuiplus.org\/wp-content\/uploads\/2021\/03\/PresentacionAquaFutureSpain_1200px.jpg","contentUrl":"https:\/\/www.acuiplus.org\/wp-content\/uploads\/2021\/03\/PresentacionAquaFutureSpain_1200px.jpg","width":1200,"height":900},{"@type":"BreadcrumbList","@id":"https:\/\/www.acuiplus.org\/nace-aquafuture-spain-la-feria-acuicola-de-referencia-internacional-en-espana\/#breadcrumb","itemListElement":[{"@type":"ListItem","position":1,"name":"Portada","item":"https:\/\/www.acuiplus.org\/en\/"},{"@type":"ListItem","position":2,"name":"Nace AquaFuture Spain, la feria acu\u00edcola de referencia internacional en Espa\u00f1a"}]},{"@type":"WebSite","@id":"https:\/\/www.acuiplus.org\/#website","url":"https:\/\/www.acuiplus.org\/","name":"Acuiplus - Cl\u00faster de Acuicultura","description":"Personas por encima de las organizaciones","potentialAction":[{"@type":"SearchAction","target":{"@type":"EntryPoint","urlTemplate":"https:\/\/www.acuiplus.org\/?s={search_term_string}"},"query-input":{"@type":"PropertyValueSpecification","valueRequired":true,"valueName":"search_term_string"}}],"inLanguage":"en-US"},{"@type":"Person","@id":"https:\/\/www.acuiplus.org\/#\/schema\/person\/43f2d2b3cbc17b72e633cbc3b6a24d2b","name":"Acuiplus"}]}},"post_mailing_queue_ids":[],"_links":{"self":[{"href":"https:\/\/www.acuiplus.org\/en\/wp-json\/wp\/v2\/posts\/6903","targetHints":{"allow":["GET"]}}],"collection":[{"href":"https:\/\/www.acuiplus.org\/en\/wp-json\/wp\/v2\/posts"}],"about":[{"href":"https:\/\/www.acuiplus.org\/en\/wp-json\/wp\/v2\/types\/post"}],"author":[{"embeddable":true,"href":"https:\/\/www.acuiplus.org\/en\/wp-json\/wp\/v2\/users\/4"}],"replies":[{"embeddable":true,"href":"https:\/\/www.acuiplus.org\/en\/wp-json\/wp\/v2\/comments?post=6903"}],"version-history":[{"count":2,"href":"https:\/\/www.acuiplus.org\/en\/wp-json\/wp\/v2\/posts\/6903\/revisions"}],"predecessor-version":[{"id":6912,"href":"https:\/\/www.acuiplus.org\/en\/wp-json\/wp\/v2\/posts\/6903\/revisions\/6912"}],"wp:featuredmedia":[{"embeddable":true,"href":"https:\/\/www.acuiplus.org\/en\/wp-json\/wp\/v2\/media\/6904"}],"wp:attachment":[{"href":"https:\/\/www.acuiplus.org\/en\/wp-json\/wp\/v2\/media?parent=6903"}],"wp:term":[{"taxonomy":"category","embeddable":true,"href":"https:\/\/www.acuiplus.org\/en\/wp-json\/wp\/v2\/categories?post=6903"},{"taxonomy":"post_tag","embeddable":true,"href":"https:\/\/www.acuiplus.org\/en\/wp-json\/wp\/v2\/tags?post=6903"}],"curies":[{"name":"wp","href":"https:\/\/api.w.org\/{rel}","templated":true}]}}