{"id":6817,"date":"2021-02-12T08:49:31","date_gmt":"2021-02-12T08:49:31","guid":{"rendered":"https:\/\/www.acuiplus.org\/acuiplus-participa-en-un-webinar-sobre-acuicultura-sostenible-e-internacionalizacion\/"},"modified":"2021-02-12T09:48:04","modified_gmt":"2021-02-12T09:48:04","slug":"acuiplus-participa-en-un-webinar-sobre-acuicultura-sostenible-e-internacionalizacion","status":"publish","type":"post","link":"https:\/\/www.acuiplus.org\/en\/acuiplus-participa-en-un-webinar-sobre-acuicultura-sostenible-e-internacionalizacion\/","title":{"rendered":"ACUIPLUS participa en un webinar sobre acuicultura sostenible e internacionalizaci\u00f3n"},"content":{"rendered":"\n<p>El 18 de febrero a las 16:00h (UTC+1) se celebra la jornada <em>online<\/em> <a href=\"https:\/\/www.icex.es\/icex\/es\/navegacion-principal\/todos-nuestros-servicios\/visitar-mercados\/agenda\/SEM2021870597.html?utm_source=email&amp;utm_medium=webinario&amp;utm_content=boton-inscripcion&amp;utm_campaign=act-00002492-internacionalizacion-desarrollo-sostenible-jornada1-sector-pesquero-acuicola-acuicultura-espana-2021\" target=\"_blank\" rel=\"noreferrer noopener\"><strong>Sostenibilidad en el sector pesquero y acu\u00edcola 2021<\/strong><\/a>, en el marco del ciclo de jornadas <strong>Internacionalizaci\u00f3n y Desarrollo Sostenible<\/strong>, que organizan <a href=\"https:\/\/www.icex.es\/icex\/es\/index.html\" target=\"_blank\" rel=\"noreferrer noopener\"><strong>ICEX Espa\u00f1a Exportaci\u00f3n e Inversiones<\/strong><\/a> y el <a href=\"https:\/\/icsem.es\/\" target=\"_blank\" rel=\"noreferrer noopener\"><strong>Instituto para el Crecimiento Sostenible de la Empresa S.L<\/strong><\/a>. <\/p>\n\n\n\n<p>Esta jornada es la primera de las seis jornadas sectoriales en el marco de este ciclo, que tratar\u00e1 sobre <strong>sostenibilidad en el sector pesquero y acu\u00edcola<\/strong>. Para abordar los retos del sector de la acuicultura, se contar\u00e1 con la participaci\u00f3n de <strong>Cl\u00faster ACUIPLUS<\/strong>, bajo la representaci\u00f3n de <strong>Albert Comas<\/strong>, Presidente del cl\u00faster y Director General de la empresa <a href=\"http:\/\/www.morenot.es\/\" target=\"_blank\" rel=\"noreferrer noopener\"><strong>Delta Aqua Redes<\/strong><\/a>, filial del grupo <a href=\"https:\/\/www.morenot.com\/\" target=\"_blank\" rel=\"noreferrer noopener\"><strong>MORENOT<\/strong><\/a> en Espa\u00f1a. En su intervenci\u00f3n, profundizar\u00e1 en la situaci\u00f3n del sector y en las buenas pr\u00e1cticas en materia de sostenibilidad en sus procesos internacionales.<\/p>\n\n\n\n<p>A trav\u00e9s del siguiente enlace puede consultarse el <a href=\"https:\/\/www.icex.es\/icex\/GetContentGestor?dDocName=725213\" target=\"_blank\" rel=\"noreferrer noopener\"><strong>programa de la jornada<\/strong><\/a>.<\/p>\n\n\n\n<div style=\"height:41px\" aria-hidden=\"true\" class=\"wp-block-spacer\"><\/div>\n\n\n\n<figure class=\"wp-block-image size-large\"><img loading=\"lazy\" decoding=\"async\" width=\"698\" height=\"398\" src=\"https:\/\/www.acuiplus.org\/wp-content\/uploads\/2021\/02\/programa.png\" alt=\"\" class=\"wp-image-6814\" srcset=\"https:\/\/www.acuiplus.org\/wp-content\/uploads\/2021\/02\/programa.png 698w, https:\/\/www.acuiplus.org\/wp-content\/uploads\/2021\/02\/programa-300x171.png 300w\" sizes=\"auto, (max-width: 698px) 100vw, 698px\" \/><\/figure>\n\n\n\n<div style=\"height:44px\" aria-hidden=\"true\" class=\"wp-block-spacer\"><\/div>\n\n\n\n<p>La inscripci\u00f3n debe realizarse a trav\u00e9s del <a href=\"https:\/\/www.icex.es\/icex\/es\/navegacion-principal\/todos-nuestros-servicios\/visitar-mercados\/agenda\/SEM2021870597.html?utm_source=email&amp;utm_medium=webinario&amp;utm_content=boton-inscripcion&amp;utm_campaign=act-00002492-internacionalizacion-desarrollo-sostenible-jornada1-sector-pesquero-acuicola-acuicultura-espana-2021\" target=\"_blank\" rel=\"noreferrer noopener\"><strong>portal web de ICEX<\/strong><\/a>, a trav\u00e9s de <a href=\"https:\/\/www.icex.es\/icex\/es\/navegacion-principal\/todos-nuestros-servicios\/visitar-mercados\/agenda\/SEM2021870597.html?utm_source=email&amp;utm_medium=webinario&amp;utm_content=boton-inscripcion&amp;utm_campaign=act-00002492-internacionalizacion-desarrollo-sostenible-jornada1-sector-pesquero-acuicola-acuicultura-espana-2021\" target=\"_blank\" rel=\"noreferrer noopener\"><strong>este enlace<\/strong><\/a>.<\/p>\n\n\n\n<p>\u00a1No os lo perd\u00e1is!<\/p>\n","protected":false},"excerpt":{"rendered":"<p>El 18 de febrero a las 16:00h (UTC+1) se celebra la jornada online Sostenibilidad en el sector pesquero y acu\u00edcola 2021, en el marco del ciclo de jornadas Internacionalizaci\u00f3n y Desarrollo Sostenible, que organizan ICEX Espa\u00f1a Exportaci\u00f3n e Inversiones y el Instituto para el Crecimiento Sostenible de la Empresa S.L. Esta jornada es la primera [&hellip;]<\/p>\n","protected":false},"author":4,"featured_media":6813,"comment_status":"open","ping_status":"open","sticky":false,"template":"","format":"standard","meta":{"_acf_changed":false,"footnotes":""},"categories":[193,194,183,184,185],"tags":[],"class_list":["post-6817","post","type-post","status-publish","format-standard","has-post-thumbnail","hentry","category-actividades-en","category-agenda-en","category-blog-en","category-destacados-en","category-publicaciones-en"],"acf":[],"yoast_head":"<!-- This site is optimized with the Yoast SEO plugin v25.0 - https:\/\/yoast.com\/wordpress\/plugins\/seo\/ -->\n<title>ACUIPLUS participa en un webinar sobre acuicultura sostenible e internacionalizaci\u00f3n - Acuiplus - Cl\u00faster de Acuicultura<\/title>\n<meta name=\"description\" content=\"El 18 de febrero a las 16h, ACUIPLUS participa en el webinar &quot;Sostenibilidad en el sector pesquero y acu\u00edcola&quot;, organizado por ICEX e ICSEM\" \/>\n<meta name=\"robots\" content=\"index, follow, max-snippet:-1, max-image-preview:large, max-video-preview:-1\" \/>\n<link rel=\"canonical\" href=\"https:\/\/www.acuiplus.org\/acuiplus-participa-en-un-webinar-sobre-acuicultura-sostenible-e-internacionalizacion\/\" \/>\n<meta property=\"og:locale\" content=\"en_US\" \/>\n<meta property=\"og:type\" content=\"article\" \/>\n<meta property=\"og:title\" content=\"ACUIPLUS participa en un webinar sobre acuicultura sostenible e internacionalizaci\u00f3n - Acuiplus - Cl\u00faster de Acuicultura\" \/>\n<meta property=\"og:description\" content=\"El 18 de febrero a las 16h, ACUIPLUS participa en el webinar &quot;Sostenibilidad en el sector pesquero y acu\u00edcola&quot;, organizado por ICEX e ICSEM\" \/>\n<meta property=\"og:url\" content=\"https:\/\/www.acuiplus.org\/acuiplus-participa-en-un-webinar-sobre-acuicultura-sostenible-e-internacionalizacion\/\" \/>\n<meta property=\"og:site_name\" content=\"Acuiplus - Cl\u00faster de Acuicultura\" \/>\n<meta property=\"article:published_time\" content=\"2021-02-12T08:49:31+00:00\" \/>\n<meta property=\"article:modified_time\" content=\"2021-02-12T09:48:04+00:00\" \/>\n<meta property=\"og:image\" content=\"https:\/\/www.acuiplus.org\/wp-content\/uploads\/2021\/02\/portada.png\" \/>\n\t<meta property=\"og:image:width\" content=\"662\" \/>\n\t<meta property=\"og:image:height\" content=\"289\" \/>\n\t<meta property=\"og:image:type\" content=\"image\/png\" \/>\n<meta name=\"author\" content=\"Acuiplus\" \/>\n<meta name=\"twitter:card\" content=\"summary_large_image\" \/>\n<meta name=\"twitter:label1\" content=\"Written by\" \/>\n\t<meta name=\"twitter:data1\" content=\"Acuiplus\" \/>\n\t<meta name=\"twitter:label2\" content=\"Est. reading time\" \/>\n\t<meta name=\"twitter:data2\" content=\"1 minute\" \/>\n<script type=\"application\/ld+json\" class=\"yoast-schema-graph\">{\"@context\":\"https:\/\/schema.org\",\"@graph\":[{\"@type\":\"WebPage\",\"@id\":\"https:\/\/www.acuiplus.org\/acuiplus-participa-en-un-webinar-sobre-acuicultura-sostenible-e-internacionalizacion\/\",\"url\":\"https:\/\/www.acuiplus.org\/acuiplus-participa-en-un-webinar-sobre-acuicultura-sostenible-e-internacionalizacion\/\",\"name\":\"ACUIPLUS participa en un webinar sobre acuicultura sostenible e internacionalizaci\u00f3n - Acuiplus - Cl\u00faster de Acuicultura\",\"isPartOf\":{\"@id\":\"https:\/\/www.acuiplus.org\/#website\"},\"primaryImageOfPage\":{\"@id\":\"https:\/\/www.acuiplus.org\/acuiplus-participa-en-un-webinar-sobre-acuicultura-sostenible-e-internacionalizacion\/#primaryimage\"},\"image\":{\"@id\":\"https:\/\/www.acuiplus.org\/acuiplus-participa-en-un-webinar-sobre-acuicultura-sostenible-e-internacionalizacion\/#primaryimage\"},\"thumbnailUrl\":\"https:\/\/www.acuiplus.org\/wp-content\/uploads\/2021\/02\/portada.png\",\"datePublished\":\"2021-02-12T08:49:31+00:00\",\"dateModified\":\"2021-02-12T09:48:04+00:00\",\"author\":{\"@id\":\"https:\/\/www.acuiplus.org\/#\/schema\/person\/43f2d2b3cbc17b72e633cbc3b6a24d2b\"},\"description\":\"El 18 de febrero a las 16h, ACUIPLUS participa en el webinar \\\"Sostenibilidad en el sector pesquero y acu\u00edcola\\\", organizado por ICEX e ICSEM\",\"breadcrumb\":{\"@id\":\"https:\/\/www.acuiplus.org\/acuiplus-participa-en-un-webinar-sobre-acuicultura-sostenible-e-internacionalizacion\/#breadcrumb\"},\"inLanguage\":\"en-US\",\"potentialAction\":[{\"@type\":\"ReadAction\",\"target\":[\"https:\/\/www.acuiplus.org\/acuiplus-participa-en-un-webinar-sobre-acuicultura-sostenible-e-internacionalizacion\/\"]}]},{\"@type\":\"ImageObject\",\"inLanguage\":\"en-US\",\"@id\":\"https:\/\/www.acuiplus.org\/acuiplus-participa-en-un-webinar-sobre-acuicultura-sostenible-e-internacionalizacion\/#primaryimage\",\"url\":\"https:\/\/www.acuiplus.org\/wp-content\/uploads\/2021\/02\/portada.png\",\"contentUrl\":\"https:\/\/www.acuiplus.org\/wp-content\/uploads\/2021\/02\/portada.png\",\"width\":662,\"height\":289},{\"@type\":\"BreadcrumbList\",\"@id\":\"https:\/\/www.acuiplus.org\/acuiplus-participa-en-un-webinar-sobre-acuicultura-sostenible-e-internacionalizacion\/#breadcrumb\",\"itemListElement\":[{\"@type\":\"ListItem\",\"position\":1,\"name\":\"Portada\",\"item\":\"https:\/\/www.acuiplus.org\/en\/\"},{\"@type\":\"ListItem\",\"position\":2,\"name\":\"ACUIPLUS participa en un webinar sobre acuicultura sostenible e internacionalizaci\u00f3n\"}]},{\"@type\":\"WebSite\",\"@id\":\"https:\/\/www.acuiplus.org\/#website\",\"url\":\"https:\/\/www.acuiplus.org\/\",\"name\":\"Acuiplus - Cl\u00faster de Acuicultura\",\"description\":\"Personas por encima de las organizaciones\",\"potentialAction\":[{\"@type\":\"SearchAction\",\"target\":{\"@type\":\"EntryPoint\",\"urlTemplate\":\"https:\/\/www.acuiplus.org\/?s={search_term_string}\"},\"query-input\":{\"@type\":\"PropertyValueSpecification\",\"valueRequired\":true,\"valueName\":\"search_term_string\"}}],\"inLanguage\":\"en-US\"},{\"@type\":\"Person\",\"@id\":\"https:\/\/www.acuiplus.org\/#\/schema\/person\/43f2d2b3cbc17b72e633cbc3b6a24d2b\",\"name\":\"Acuiplus\"}]}<\/script>\n<!-- \/ Yoast SEO plugin. -->","yoast_head_json":{"title":"ACUIPLUS participa en un webinar sobre acuicultura sostenible e internacionalizaci\u00f3n - Acuiplus - Cl\u00faster de Acuicultura","description":"El 18 de febrero a las 16h, ACUIPLUS participa en el webinar \"Sostenibilidad en el sector pesquero y acu\u00edcola\", organizado por ICEX e ICSEM","robots":{"index":"index","follow":"follow","max-snippet":"max-snippet:-1","max-image-preview":"max-image-preview:large","max-video-preview":"max-video-preview:-1"},"canonical":"https:\/\/www.acuiplus.org\/acuiplus-participa-en-un-webinar-sobre-acuicultura-sostenible-e-internacionalizacion\/","og_locale":"en_US","og_type":"article","og_title":"ACUIPLUS participa en un webinar sobre acuicultura sostenible e internacionalizaci\u00f3n - Acuiplus - Cl\u00faster de Acuicultura","og_description":"El 18 de febrero a las 16h, ACUIPLUS participa en el webinar \"Sostenibilidad en el sector pesquero y acu\u00edcola\", organizado por ICEX e ICSEM","og_url":"https:\/\/www.acuiplus.org\/acuiplus-participa-en-un-webinar-sobre-acuicultura-sostenible-e-internacionalizacion\/","og_site_name":"Acuiplus - Cl\u00faster de Acuicultura","article_published_time":"2021-02-12T08:49:31+00:00","article_modified_time":"2021-02-12T09:48:04+00:00","og_image":[{"width":662,"height":289,"url":"https:\/\/www.acuiplus.org\/wp-content\/uploads\/2021\/02\/portada.png","type":"image\/png"}],"author":"Acuiplus","twitter_card":"summary_large_image","twitter_misc":{"Written by":"Acuiplus","Est. reading time":"1 minute"},"schema":{"@context":"https:\/\/schema.org","@graph":[{"@type":"WebPage","@id":"https:\/\/www.acuiplus.org\/acuiplus-participa-en-un-webinar-sobre-acuicultura-sostenible-e-internacionalizacion\/","url":"https:\/\/www.acuiplus.org\/acuiplus-participa-en-un-webinar-sobre-acuicultura-sostenible-e-internacionalizacion\/","name":"ACUIPLUS participa en un webinar sobre acuicultura sostenible e internacionalizaci\u00f3n - Acuiplus - Cl\u00faster de Acuicultura","isPartOf":{"@id":"https:\/\/www.acuiplus.org\/#website"},"primaryImageOfPage":{"@id":"https:\/\/www.acuiplus.org\/acuiplus-participa-en-un-webinar-sobre-acuicultura-sostenible-e-internacionalizacion\/#primaryimage"},"image":{"@id":"https:\/\/www.acuiplus.org\/acuiplus-participa-en-un-webinar-sobre-acuicultura-sostenible-e-internacionalizacion\/#primaryimage"},"thumbnailUrl":"https:\/\/www.acuiplus.org\/wp-content\/uploads\/2021\/02\/portada.png","datePublished":"2021-02-12T08:49:31+00:00","dateModified":"2021-02-12T09:48:04+00:00","author":{"@id":"https:\/\/www.acuiplus.org\/#\/schema\/person\/43f2d2b3cbc17b72e633cbc3b6a24d2b"},"description":"El 18 de febrero a las 16h, ACUIPLUS participa en el webinar \"Sostenibilidad en el sector pesquero y acu\u00edcola\", organizado por ICEX e ICSEM","breadcrumb":{"@id":"https:\/\/www.acuiplus.org\/acuiplus-participa-en-un-webinar-sobre-acuicultura-sostenible-e-internacionalizacion\/#breadcrumb"},"inLanguage":"en-US","potentialAction":[{"@type":"ReadAction","target":["https:\/\/www.acuiplus.org\/acuiplus-participa-en-un-webinar-sobre-acuicultura-sostenible-e-internacionalizacion\/"]}]},{"@type":"ImageObject","inLanguage":"en-US","@id":"https:\/\/www.acuiplus.org\/acuiplus-participa-en-un-webinar-sobre-acuicultura-sostenible-e-internacionalizacion\/#primaryimage","url":"https:\/\/www.acuiplus.org\/wp-content\/uploads\/2021\/02\/portada.png","contentUrl":"https:\/\/www.acuiplus.org\/wp-content\/uploads\/2021\/02\/portada.png","width":662,"height":289},{"@type":"BreadcrumbList","@id":"https:\/\/www.acuiplus.org\/acuiplus-participa-en-un-webinar-sobre-acuicultura-sostenible-e-internacionalizacion\/#breadcrumb","itemListElement":[{"@type":"ListItem","position":1,"name":"Portada","item":"https:\/\/www.acuiplus.org\/en\/"},{"@type":"ListItem","position":2,"name":"ACUIPLUS participa en un webinar sobre acuicultura sostenible e internacionalizaci\u00f3n"}]},{"@type":"WebSite","@id":"https:\/\/www.acuiplus.org\/#website","url":"https:\/\/www.acuiplus.org\/","name":"Acuiplus - Cl\u00faster de Acuicultura","description":"Personas por encima de las organizaciones","potentialAction":[{"@type":"SearchAction","target":{"@type":"EntryPoint","urlTemplate":"https:\/\/www.acuiplus.org\/?s={search_term_string}"},"query-input":{"@type":"PropertyValueSpecification","valueRequired":true,"valueName":"search_term_string"}}],"inLanguage":"en-US"},{"@type":"Person","@id":"https:\/\/www.acuiplus.org\/#\/schema\/person\/43f2d2b3cbc17b72e633cbc3b6a24d2b","name":"Acuiplus"}]}},"post_mailing_queue_ids":[],"_links":{"self":[{"href":"https:\/\/www.acuiplus.org\/en\/wp-json\/wp\/v2\/posts\/6817","targetHints":{"allow":["GET"]}}],"collection":[{"href":"https:\/\/www.acuiplus.org\/en\/wp-json\/wp\/v2\/posts"}],"about":[{"href":"https:\/\/www.acuiplus.org\/en\/wp-json\/wp\/v2\/types\/post"}],"author":[{"embeddable":true,"href":"https:\/\/www.acuiplus.org\/en\/wp-json\/wp\/v2\/users\/4"}],"replies":[{"embeddable":true,"href":"https:\/\/www.acuiplus.org\/en\/wp-json\/wp\/v2\/comments?post=6817"}],"version-history":[{"count":1,"href":"https:\/\/www.acuiplus.org\/en\/wp-json\/wp\/v2\/posts\/6817\/revisions"}],"predecessor-version":[{"id":6818,"href":"https:\/\/www.acuiplus.org\/en\/wp-json\/wp\/v2\/posts\/6817\/revisions\/6818"}],"wp:featuredmedia":[{"embeddable":true,"href":"https:\/\/www.acuiplus.org\/en\/wp-json\/wp\/v2\/media\/6813"}],"wp:attachment":[{"href":"https:\/\/www.acuiplus.org\/en\/wp-json\/wp\/v2\/media?parent=6817"}],"wp:term":[{"taxonomy":"category","embeddable":true,"href":"https:\/\/www.acuiplus.org\/en\/wp-json\/wp\/v2\/categories?post=6817"},{"taxonomy":"post_tag","embeddable":true,"href":"https:\/\/www.acuiplus.org\/en\/wp-json\/wp\/v2\/tags?post=6817"}],"curies":[{"name":"wp","href":"https:\/\/api.w.org\/{rel}","templated":true}]}}